{"id":925,"date":"2023-01-28T11:32:55","date_gmt":"2023-01-28T11:32:55","guid":{"rendered":"https:\/\/www.ejeatb.es\/?p=925"},"modified":"2023-01-28T11:41:44","modified_gmt":"2023-01-28T11:41:44","slug":"personajes-historicos-de-ejea-de-los-caballeros","status":"publish","type":"post","link":"https:\/\/www.ejeatb.es\/?p=925","title":{"rendered":"Personajes hist\u00f3ricos de Ejea de los Caballeros"},"content":{"rendered":"\n<p>Aqu\u00ed os dejamos un trabajo que hicimos para el \u00c1rea de Cultura del Ayuntamiento de Ejea de los Caballeros, se trata de la dramatizaci\u00f3n de una serie de personajes relacionados con Ejea de los Caballeros, unos reales, otros an\u00f3nimos, que nos cuentan las vicisitudes de su \u00e9poca. A trav\u00e9s de este mapa de Google maps pod\u00e9is acceder a cada unos de los personajes, ubicados en el lugar desde donde nos hablan.<\/p>\n\n\n\n<iframe loading=\"lazy\" src=\"https:\/\/www.google.com\/maps\/d\/embed?mid=13g0M5pAYpgwnfBqXCJ5PuV3mK5O6_6Y&amp;ehbc=2E312F\" width=\"640\" height=\"480\"><\/iframe>\n","protected":false},"excerpt":{"rendered":"<p>Aqu\u00ed os dejamos un trabajo que hicimos para el \u00c1rea de Cultura del Ayuntamiento de Ejea de los Caballeros, se trata de la dramatizaci\u00f3n de una serie de personajes relacionados con Ejea de los Caballeros, unos reales, otros an\u00f3nimos, que &hellip; <a href=\"https:\/\/www.ejeatb.es\/?p=925\">Sigue leyendo <span class=\"meta-nav\">&rarr;<\/span><\/a><\/p>\n","protected":false},"author":1,"featured_media":0,"comment_status":"closed","ping_status":"open","sticky":false,"template":"","format":"standard","meta":{"jetpack_post_was_ever_published":false,"_jetpack_newsletter_access":"","_jetpack_dont_email_post_to_subs":false,"_jetpack_newsletter_tier_id":0,"_jetpack_memberships_contains_paywalled_content":false,"_jetpack_memberships_contains_paid_content":false,"footnotes":"","jetpack_publicize_message":"","jetpack_publicize_feature_enabled":true,"jetpack_social_post_already_shared":true,"jetpack_social_options":{"image_generator_settings":{"template":"highway","default_image_id":0,"font":"","enabled":false},"version":2}},"categories":[61,7],"tags":[59,27,60],"class_list":["post-925","post","type-post","status-publish","format-standard","hentry","category-patrimonio-cultural","category-video","tag-ayto-ejea","tag-ejea-tb","tag-personajes-ejea"],"jetpack_publicize_connections":[],"jetpack_featured_media_url":"","jetpack_sharing_enabled":true,"jetpack_shortlink":"https:\/\/wp.me\/p9mDtv-eV","jetpack_likes_enabled":true,"jetpack-related-posts":[],"_links":{"self":[{"href":"https:\/\/www.ejeatb.es\/index.php?rest_route=\/wp\/v2\/posts\/925","targetHints":{"allow":["GET"]}}],"collection":[{"href":"https:\/\/www.ejeatb.es\/index.php?rest_route=\/wp\/v2\/posts"}],"about":[{"href":"https:\/\/www.ejeatb.es\/index.php?rest_route=\/wp\/v2\/types\/post"}],"author":[{"embeddable":true,"href":"https:\/\/www.ejeatb.es\/index.php?rest_route=\/wp\/v2\/users\/1"}],"replies":[{"embeddable":true,"href":"https:\/\/www.ejeatb.es\/index.php?rest_route=%2Fwp%2Fv2%2Fcomments&post=925"}],"version-history":[{"count":9,"href":"https:\/\/www.ejeatb.es\/index.php?rest_route=\/wp\/v2\/posts\/925\/revisions"}],"predecessor-version":[{"id":935,"href":"https:\/\/www.ejeatb.es\/index.php?rest_route=\/wp\/v2\/posts\/925\/revisions\/935"}],"wp:attachment":[{"href":"https:\/\/www.ejeatb.es\/index.php?rest_route=%2Fwp%2Fv2%2Fmedia&parent=925"}],"wp:term":[{"taxonomy":"category","embeddable":true,"href":"https:\/\/www.ejeatb.es\/index.php?rest_route=%2Fwp%2Fv2%2Fcategories&post=925"},{"taxonomy":"post_tag","embeddable":true,"href":"https:\/\/www.ejeatb.es\/index.php?rest_route=%2Fwp%2Fv2%2Ftags&post=925"}],"curies":[{"name":"wp","href":"https:\/\/api.w.org\/{rel}","templated":true}]}}