{"id":740,"date":"2019-11-15T19:32:41","date_gmt":"2019-11-15T19:32:41","guid":{"rendered":"http:\/\/www.ejeatb.es\/?p=740"},"modified":"2019-11-15T19:41:10","modified_gmt":"2019-11-15T19:41:10","slug":"al-abrigo","status":"publish","type":"post","link":"https:\/\/www.ejeatb.es\/?p=740","title":{"rendered":"Al Abrigo"},"content":{"rendered":"\n<p>Continuamos la campa\u00f1a promocional de oto\u00f1o-invierno de la Comarca de las Cinco VIllas,  en Arag\u00f3n TV, en este caso con el spot &#8220;Al Abrigo en Cinco Villas&#8221;.<\/p>\n\n\n\n<figure class=\"wp-block-embed-vimeo wp-block-embed is-type-video is-provider-vimeo wp-embed-aspect-16-9 wp-has-aspect-ratio\"><div class=\"wp-block-embed__wrapper\">\n<iframe loading=\"lazy\" title=\"AL ABRIGO-v1\" src=\"https:\/\/player.vimeo.com\/video\/368551187?dnt=1&amp;app_id=122963\" width=\"584\" height=\"329\" frameborder=\"0\" allow=\"autoplay; fullscreen; picture-in-picture; clipboard-write\"><\/iframe>\n<\/div><\/figure>\n\n\n\n<p><\/p>\n","protected":false},"excerpt":{"rendered":"<p>Continuamos la campa\u00f1a promocional de oto\u00f1o-invierno de la Comarca de las Cinco VIllas, en Arag\u00f3n TV, en este caso con el spot &#8220;Al Abrigo en Cinco Villas&#8221;.<\/p>\n","protected":false},"author":1,"featured_media":0,"comment_status":"closed","ping_status":"open","sticky":false,"template":"","format":"standard","meta":{"jetpack_post_was_ever_published":false,"_jetpack_newsletter_access":"","_jetpack_dont_email_post_to_subs":false,"_jetpack_newsletter_tier_id":0,"_jetpack_memberships_contains_paywalled_content":false,"_jetpack_memberships_contains_paid_content":false,"footnotes":"","jetpack_publicize_message":"","jetpack_publicize_feature_enabled":true,"jetpack_social_post_already_shared":true,"jetpack_social_options":{"image_generator_settings":{"template":"highway","default_image_id":0,"font":"","enabled":false},"version":2}},"categories":[17,16],"tags":[33,32,34,31,27],"class_list":["post-740","post","type-post","status-publish","format-standard","hentry","category-noticias","category-video-promocional","tag-a-la-fresca","tag-aragon-tv","tag-cinco-villas","tag-comarca-de-cinco-villas","tag-ejea-tb"],"jetpack_publicize_connections":[],"jetpack_featured_media_url":"","jetpack_sharing_enabled":true,"jetpack_shortlink":"https:\/\/wp.me\/p9mDtv-bW","jetpack_likes_enabled":true,"jetpack-related-posts":[],"_links":{"self":[{"href":"https:\/\/www.ejeatb.es\/index.php?rest_route=\/wp\/v2\/posts\/740","targetHints":{"allow":["GET"]}}],"collection":[{"href":"https:\/\/www.ejeatb.es\/index.php?rest_route=\/wp\/v2\/posts"}],"about":[{"href":"https:\/\/www.ejeatb.es\/index.php?rest_route=\/wp\/v2\/types\/post"}],"author":[{"embeddable":true,"href":"https:\/\/www.ejeatb.es\/index.php?rest_route=\/wp\/v2\/users\/1"}],"replies":[{"embeddable":true,"href":"https:\/\/www.ejeatb.es\/index.php?rest_route=%2Fwp%2Fv2%2Fcomments&post=740"}],"version-history":[{"count":3,"href":"https:\/\/www.ejeatb.es\/index.php?rest_route=\/wp\/v2\/posts\/740\/revisions"}],"predecessor-version":[{"id":743,"href":"https:\/\/www.ejeatb.es\/index.php?rest_route=\/wp\/v2\/posts\/740\/revisions\/743"}],"wp:attachment":[{"href":"https:\/\/www.ejeatb.es\/index.php?rest_route=%2Fwp%2Fv2%2Fmedia&parent=740"}],"wp:term":[{"taxonomy":"category","embeddable":true,"href":"https:\/\/www.ejeatb.es\/index.php?rest_route=%2Fwp%2Fv2%2Fcategories&post=740"},{"taxonomy":"post_tag","embeddable":true,"href":"https:\/\/www.ejeatb.es\/index.php?rest_route=%2Fwp%2Fv2%2Ftags&post=740"}],"curies":[{"name":"wp","href":"https:\/\/api.w.org\/{rel}","templated":true}]}}