{"id":326,"date":"2015-07-16T09:41:47","date_gmt":"2015-07-16T09:41:47","guid":{"rendered":"http:\/\/www.ejeatb.es\/?p=326"},"modified":"2015-07-16T09:41:47","modified_gmt":"2015-07-16T09:41:47","slug":"conciertos-del-agua-2015","status":"publish","type":"post","link":"https:\/\/www.ejeatb.es\/?p=326","title":{"rendered":"Conciertos del Agua 2015"},"content":{"rendered":"<p style=\"text-align: justify;\">Como cada a\u00f1o, el espacio urbano de la Ciudad del Agua, con su escenario natural y con el fondo esc\u00e9nico de la Estanca del Gancho, nos brindar\u00e1 experiencias musicales muy bellas. Este a\u00f1o, con una programaci\u00f3n que incluye artistas aragoneses (Tempo Giusto, Joaqu\u00edn Carbonell, La Orquestina del Fabirol), artistas de \u00e1mbito nacional ( Jaime Urrutia, Bego\u00f1a Olavide &amp; Javier Bergia, Potato Head Jazz Band) e internacional (Aywa).<\/p>\n<p style=\"text-align: justify;\"><a href=\"http:\/\/vimeopro.com\/ejeatb\/conciertos-del-agua-2015\"><img data-recalc-dims=\"1\" loading=\"lazy\" decoding=\"async\" data-attachment-id=\"327\" data-permalink=\"https:\/\/www.ejeatb.es\/?attachment_id=327\" data-orig-file=\"https:\/\/i0.wp.com\/www.ejeatb.es\/wp-content\/uploads\/2015\/07\/baner-conciertos-del-a-gua.jpg?fit=958%2C300&amp;ssl=1\" data-orig-size=\"958,300\" data-comments-opened=\"0\" data-image-meta=\"{&quot;aperture&quot;:&quot;0&quot;,&quot;credit&quot;:&quot;&quot;,&quot;camera&quot;:&quot;&quot;,&quot;caption&quot;:&quot;&quot;,&quot;created_timestamp&quot;:&quot;0&quot;,&quot;copyright&quot;:&quot;&quot;,&quot;focal_length&quot;:&quot;0&quot;,&quot;iso&quot;:&quot;0&quot;,&quot;shutter_speed&quot;:&quot;0&quot;,&quot;title&quot;:&quot;&quot;,&quot;orientation&quot;:&quot;1&quot;}\" data-image-title=\"baner-conciertos del a gua\" data-image-description=\"\" data-image-caption=\"\" data-medium-file=\"https:\/\/i0.wp.com\/www.ejeatb.es\/wp-content\/uploads\/2015\/07\/baner-conciertos-del-a-gua.jpg?fit=500%2C157&amp;ssl=1\" data-large-file=\"https:\/\/i0.wp.com\/www.ejeatb.es\/wp-content\/uploads\/2015\/07\/baner-conciertos-del-a-gua.jpg?fit=584%2C183&amp;ssl=1\" class=\"alignnone size-full wp-image-327\" src=\"https:\/\/i0.wp.com\/www.ejeatb.es\/wp-content\/uploads\/2015\/07\/baner-conciertos-del-a-gua.jpg?resize=584%2C183&#038;ssl=1\" alt=\"baner-conciertos del a gua\" width=\"584\" height=\"183\" srcset=\"https:\/\/i0.wp.com\/www.ejeatb.es\/wp-content\/uploads\/2015\/07\/baner-conciertos-del-a-gua.jpg?w=958&amp;ssl=1 958w, https:\/\/i0.wp.com\/www.ejeatb.es\/wp-content\/uploads\/2015\/07\/baner-conciertos-del-a-gua.jpg?resize=500%2C157&amp;ssl=1 500w\" sizes=\"auto, (max-width: 584px) 100vw, 584px\" \/><\/a><\/p>\n","protected":false},"excerpt":{"rendered":"<p>Como cada a\u00f1o, el espacio urbano de la Ciudad del Agua, con su escenario natural y con el fondo esc\u00e9nico de la Estanca del Gancho, nos brindar\u00e1 experiencias musicales muy bellas. Este a\u00f1o, con una programaci\u00f3n que incluye artistas aragoneses &hellip; <a href=\"https:\/\/www.ejeatb.es\/?p=326\">Sigue leyendo <span class=\"meta-nav\">&rarr;<\/span><\/a><\/p>\n","protected":false},"author":1,"featured_media":0,"comment_status":"closed","ping_status":"open","sticky":false,"template":"","format":"standard","meta":{"jetpack_post_was_ever_published":false,"_jetpack_newsletter_access":"","_jetpack_dont_email_post_to_subs":false,"_jetpack_newsletter_tier_id":0,"_jetpack_memberships_contains_paywalled_content":false,"_jetpack_memberships_contains_paid_content":false,"footnotes":"","jetpack_publicize_message":"","jetpack_publicize_feature_enabled":true,"jetpack_social_post_already_shared":false,"jetpack_social_options":{"image_generator_settings":{"template":"highway","default_image_id":0,"font":"","enabled":false},"version":2}},"categories":[1],"tags":[],"class_list":["post-326","post","type-post","status-publish","format-standard","hentry","category-sin-categoria"],"jetpack_publicize_connections":[],"jetpack_featured_media_url":"","jetpack_sharing_enabled":true,"jetpack_shortlink":"https:\/\/wp.me\/p9mDtv-5g","jetpack_likes_enabled":true,"jetpack-related-posts":[],"_links":{"self":[{"href":"https:\/\/www.ejeatb.es\/index.php?rest_route=\/wp\/v2\/posts\/326","targetHints":{"allow":["GET"]}}],"collection":[{"href":"https:\/\/www.ejeatb.es\/index.php?rest_route=\/wp\/v2\/posts"}],"about":[{"href":"https:\/\/www.ejeatb.es\/index.php?rest_route=\/wp\/v2\/types\/post"}],"author":[{"embeddable":true,"href":"https:\/\/www.ejeatb.es\/index.php?rest_route=\/wp\/v2\/users\/1"}],"replies":[{"embeddable":true,"href":"https:\/\/www.ejeatb.es\/index.php?rest_route=%2Fwp%2Fv2%2Fcomments&post=326"}],"version-history":[{"count":1,"href":"https:\/\/www.ejeatb.es\/index.php?rest_route=\/wp\/v2\/posts\/326\/revisions"}],"predecessor-version":[{"id":328,"href":"https:\/\/www.ejeatb.es\/index.php?rest_route=\/wp\/v2\/posts\/326\/revisions\/328"}],"wp:attachment":[{"href":"https:\/\/www.ejeatb.es\/index.php?rest_route=%2Fwp%2Fv2%2Fmedia&parent=326"}],"wp:term":[{"taxonomy":"category","embeddable":true,"href":"https:\/\/www.ejeatb.es\/index.php?rest_route=%2Fwp%2Fv2%2Fcategories&post=326"},{"taxonomy":"post_tag","embeddable":true,"href":"https:\/\/www.ejeatb.es\/index.php?rest_route=%2Fwp%2Fv2%2Ftags&post=326"}],"curies":[{"name":"wp","href":"https:\/\/api.w.org\/{rel}","templated":true}]}}