{"id":198,"date":"2014-03-30T22:43:22","date_gmt":"2014-03-30T22:43:22","guid":{"rendered":"http:\/\/www.ejeatb.es\/?p=198"},"modified":"2014-03-30T22:54:57","modified_gmt":"2014-03-30T22:54:57","slug":"30-anos-de-andadura","status":"publish","type":"post","link":"https:\/\/www.ejeatb.es\/?p=198","title":{"rendered":"30 A\u00f1os de Andadura"},"content":{"rendered":"<p style=\"text-align: justify;\">Con motivo de la conmemoraci\u00f3n del 30\u00ba aniversario de la creaci\u00f3n del Club de Monta\u00f1a y Esqu\u00ed Exea, y como colof\u00f3n de su 19\u00ba Semana de Monta\u00f1a, se present\u00f3 el pasado viernes d\u00eda 28 de marzo de 2014, en el Teatro de la Villa de Ejea de los Caballeros el documental &#8220;30 A\u00f1os de Andudura&#8221;, en el cual se hace un repaso de estos 30 a\u00f1os, recuperando para ello fotograf\u00edas y v\u00eddeos de diversas \u00e9pocas, as\u00ed como testimonios de personas que han estado ligadas al Club en alg\u00fan momento.<br \/>\nPara la confecci\u00f3n de este documental el Club de Monta\u00f1a Exea ha confiado en personas y entidades locales de Ejea de los Caballeros, como ha sido en el apartado de gui\u00f3n en Bel\u00e9n Monta\u00f1\u00e9s Garc\u00e9s, la m\u00fasica original a cargo de Alberto Mart\u00ednez con la colaboraci\u00f3n de Gabriel Bueno Lorenz, en la grabaci\u00f3n y realizaci\u00f3n en To\u00f1i Fuertes y Jos\u00e9 Lezcano de Ejea TB Producciones Audiovisuales y coordinaci\u00f3n de Juan Carlos Notivoli.<br \/>\n<iframe loading=\"lazy\" src=\"\/\/player.vimeo.com\/video\/90453804\" height=\"281\" width=\"500\" allowfullscreen=\"\" frameborder=\"0\"><\/iframe><\/p>\n<p><a href=\"http:\/\/vimeo.com\/90453804\">CLUB MONTA\u00d1A EXEA-1<\/a> from <a href=\"http:\/\/vimeo.com\/ejeatb\">EJEA TB<\/a> on <a href=\"https:\/\/vimeo.com\">Vimeo<\/a>.<\/p>\n","protected":false},"excerpt":{"rendered":"<p>Con motivo de la conmemoraci\u00f3n del 30\u00ba aniversario de la creaci\u00f3n del Club de Monta\u00f1a y Esqu\u00ed Exea, y como colof\u00f3n de su 19\u00ba Semana de Monta\u00f1a, se present\u00f3 el pasado viernes d\u00eda 28 de marzo de 2014, en el &hellip; <a href=\"https:\/\/www.ejeatb.es\/?p=198\">Sigue leyendo <span class=\"meta-nav\">&rarr;<\/span><\/a><\/p>\n","protected":false},"author":1,"featured_media":0,"comment_status":"closed","ping_status":"open","sticky":false,"template":"","format":"standard","meta":{"jetpack_post_was_ever_published":false,"_jetpack_newsletter_access":"","_jetpack_dont_email_post_to_subs":false,"_jetpack_newsletter_tier_id":0,"_jetpack_memberships_contains_paywalled_content":false,"_jetpack_memberships_contains_paid_content":false,"footnotes":"","jetpack_publicize_message":"","jetpack_publicize_feature_enabled":true,"jetpack_social_post_already_shared":false,"jetpack_social_options":{"image_generator_settings":{"template":"highway","default_image_id":0,"font":"","enabled":false},"version":2}},"categories":[7],"tags":[],"class_list":["post-198","post","type-post","status-publish","format-standard","hentry","category-video"],"jetpack_publicize_connections":[],"jetpack_featured_media_url":"","jetpack_sharing_enabled":true,"jetpack_shortlink":"https:\/\/wp.me\/p9mDtv-3c","jetpack_likes_enabled":true,"jetpack-related-posts":[],"_links":{"self":[{"href":"https:\/\/www.ejeatb.es\/index.php?rest_route=\/wp\/v2\/posts\/198","targetHints":{"allow":["GET"]}}],"collection":[{"href":"https:\/\/www.ejeatb.es\/index.php?rest_route=\/wp\/v2\/posts"}],"about":[{"href":"https:\/\/www.ejeatb.es\/index.php?rest_route=\/wp\/v2\/types\/post"}],"author":[{"embeddable":true,"href":"https:\/\/www.ejeatb.es\/index.php?rest_route=\/wp\/v2\/users\/1"}],"replies":[{"embeddable":true,"href":"https:\/\/www.ejeatb.es\/index.php?rest_route=%2Fwp%2Fv2%2Fcomments&post=198"}],"version-history":[{"count":5,"href":"https:\/\/www.ejeatb.es\/index.php?rest_route=\/wp\/v2\/posts\/198\/revisions"}],"predecessor-version":[{"id":205,"href":"https:\/\/www.ejeatb.es\/index.php?rest_route=\/wp\/v2\/posts\/198\/revisions\/205"}],"wp:attachment":[{"href":"https:\/\/www.ejeatb.es\/index.php?rest_route=%2Fwp%2Fv2%2Fmedia&parent=198"}],"wp:term":[{"taxonomy":"category","embeddable":true,"href":"https:\/\/www.ejeatb.es\/index.php?rest_route=%2Fwp%2Fv2%2Fcategories&post=198"},{"taxonomy":"post_tag","embeddable":true,"href":"https:\/\/www.ejeatb.es\/index.php?rest_route=%2Fwp%2Fv2%2Ftags&post=198"}],"curies":[{"name":"wp","href":"https:\/\/api.w.org\/{rel}","templated":true}]}}